{"id":13569,"date":"2026-09-03T12:15:00","date_gmt":"2026-09-03T10:15:00","guid":{"rendered":"https:\/\/www.parkinsonbizkaia.org\/?p=13569"},"modified":"2026-09-03T11:23:09","modified_gmt":"2026-09-03T09:23:09","slug":"asparbi-eta-afa-bizkaiak-hitzaldia-eskainiko-dute-santurtzin","status":"publish","type":"post","link":"https:\/\/www.parkinsonbizkaia.org\/eu\/asparbi-eta-afa-bizkaiak-hitzaldia-eskainiko-dute-santurtzin\/","title":{"rendered":"ASPARBI eta AFA Bizkaiak hitzaldia eskainiko dute Santurtzin"},"content":{"rendered":"\n<p class=\"wp-block-paragraph\"><strong>Datorren irailaren 15ean, asteartea, Zainduz, Zaintzaileei Laguntzeko Zerbitzuaren barruan, informazio-topaketa bat egingo da Santurtziko <a href=\"https:\/\/www.google.com\/maps\/place\/Palacio+Casa+Torre\/@43.3295725,-3.0362557,17z\/data=!3m1!4b1!4m6!3m5!1s0xd4e5975c71e25f3:0xa1b12f334adfef80!8m2!3d43.3295686!4d-3.0336808!16s%2Fg%2F11cllp1_bv?entry=ttu&amp;g_ep=EgoyMDI2MDgzMS4wIKXMDSoASAFQAw%3D%3D\" target=\"_blank\" rel=\"noopener\">Dorretxean<\/a>.<\/strong><\/p>\n\n<div style=\"height:20px\" aria-hidden=\"true\" class=\"wp-block-spacer\"><\/div>\n\n<figure class=\"wp-block-pullquote\"><blockquote><p><strong>Ekitaldiari eta bertaratzeari buruzko informazioa<\/strong><\/p><cite>Data: irailak 15<br\/><strong>Ordua:<\/strong> 10:30<br\/><strong>Tokia:<\/strong> Dorretxea (Santurtzi)<br\/><strong>Sarrera:<\/strong> Libre lekua bete arte<\/cite><\/blockquote><\/figure>\n\n<h3 class=\"wp-block-heading\"><strong>Zaintzaileei eta haien familiei laguntzeko topaketa<\/strong><\/h3>\n\n<p class=\"wp-block-paragraph\">ASPARBIk eta<a href=\"https:\/\/www.afa-bizkaia.com\/\" target=\"_blank\" rel=\"noopener\"> AFA Bizkaiak<\/a> helburu argi batekin batzen dituzte indarrak Santurtzin: parkinsonari, alzheimerrari eta Bizkaiko beste dementzia batzuei aurre egiteko dauden baliabideen berri ematea herritarrei. Hitzordua irailaren 15ean izango da, asteartea, 10:30ean, Santurtziko Dorretxean (Higarillo aretoan). <\/p>\n\n<p class=\"wp-block-paragraph\"><strong>Zainduz Zaintzaileei Laguntzeko Zerbitzuaren <\/strong>esparruan antolatzen da ekimen hori. Programa horren xedea autonomia pertsonala sustatzea, familien higadura prebenitzea eta tresna praktikoak eskaintzea gaixotasun neurodegeneratiboak egunero kudeatzeko da.<\/p>\n\n<p class=\"wp-block-paragraph\">Jardunaldian, Bego\u00f1a D\u00edez, <a href=\"https:\/\/www.parkinsonbizkaia.org\/eu\/\" target=\"_blank\" rel=\"noopener\">ASPARBIko <\/a>presidenteak, eta Silvia Rodr\u00edguez, Bizkaiko AFAko presidenteak, elkarte bakoitzaren asistentzia-eskaintza, lurraldean egiten duten lana eta kaltetutako familiei eskaintzen dizkieten errehabilitazio integraleko zerbitzuak azalduko dituzte. Bi erakundeek pertsonarengan oinarritutako arreta-eredu bat eskaintzen dute, fisioterapia, logopedia, estimulazio kognitiboa, arreta psikologikoa eta gizarte-lana bezalako funtsezko arloak barne hartzen dituena. <\/p>\n\n<p class=\"wp-block-paragraph\">Erakunde publikoen eta elkarteen arteko lan koordinatua funtsezkoa da arreta egokia bermatzeko. Horrelako hitzaldien bidez, elkarteek oraintsuko diagnostikoa jasotzen dutenak orientatzea bilatzen dute, baita zaintza-lanak egiten dituztenei etengabeko laguntza ematea ere. <\/p>\n\n<p class=\"wp-block-paragraph\">Zuen zain gaude!<\/p>\n\n<div style=\"height:20px\" aria-hidden=\"true\" class=\"wp-block-spacer\"><\/div>\n\n<figure class=\"wp-block-image size-large\"><img decoding=\"async\" width=\"819\" height=\"1024\" src=\"https:\/\/www.parkinsonbizkaia.org\/wp-content\/uploads\/2026\/09\/Charla-Zainduz-819x1024.png\" alt=\"\" class=\"wp-image-13564\"\/><\/figure>\n","protected":false},"excerpt":{"rendered":"<p>Datorren irailaren 15ean, asteartea, Zainduz, Zaintzaileei Laguntzeko Zerbitzuaren barruan, informazio-topaketa bat egingo da Santurtziko Dorretxean. Ekitaldiari eta bertaratzeari buruzko informazioa Data: irailak 15Ordua: 10:30Tokia: Dorretxea (Santurtzi)Sarrera: Libre lekua bete arte Zaintzaileei eta haien familiei laguntzeko topaketa ASPARBIk eta AFA Bizkaiak helburu argi batekin batzen dituzte indarrak Santurtzin: parkinsonari, alzheimerrari eta Bizkaiko beste dementzia batzuei aurre [&hellip;]<\/p>\n","protected":false},"author":3,"featured_media":13568,"comment_status":"open","ping_status":"open","sticky":false,"template":"","format":"standard","meta":{"_et_pb_use_builder":"off","_et_pb_old_content":"","_et_gb_content_width":"","_monsterinsights_skip_tracking":false,"footnotes":""},"categories":[2430,2446],"tags":[2879,2882,2431,2883,2887,2450,2884,2878,2886,2726,2482,2880,2881,2885],"class_list":["post-13569","post","type-post","status-publish","format-standard","has-post-thumbnail","hentry","category-berriak","category-berriak-2","tag-afa-bizkaia","tag-alzheimer-bizkaia","tag-asparbi","tag-autonomia-pertsonala-2","tag-begona-diez","tag-calidad-de-vida","tag-casa-torre-santurtzi","tag-errehabilitazio-zerbitzuak","tag-informazio-hitzaldiak","tag-mendetasun","tag-parkinson-bizkaia","tag-santurtzi","tag-zainduz","tag-zaintzaile"],"aioseo_notices":[],"aioseo_head":"\n\t\t<!-- All in One SEO 5.0.1.1 - aioseo.com -->\n\t<meta name=\"description\" content=\"Datorren irailaren 15ean, asteartea, Zainduz, Zaintzaileei Laguntzeko Zerbitzuaren barruan, informazio-topaketa bat egingo da Santurtziko Dorretxean. Zaintzaileei eta haien familiei laguntzeko topaketa ASPARBIk eta AFA Bizkaiak helburu argi batekin batzen dituzte indarrak Santurtzin: parkinsonari, alzheimerrari eta Bizkaiko beste dementzia batzuei aurre egiteko dauden baliabideen berri ematea herritarrei. Hitzordua irailaren 15ean izango da, asteartea, 10:30ean, Santurtziko Dorretxean\" \/>\n\t<meta name=\"robots\" content=\"max-image-preview:large\" \/>\n\t<meta name=\"author\" content=\"ASPARBI\"\/>\n\t<link rel=\"canonical\" href=\"https:\/\/www.parkinsonbizkaia.org\/eu\/asparbi-eta-afa-bizkaiak-hitzaldia-eskainiko-dute-santurtzin\/\" \/>\n\t<meta name=\"generator\" content=\"All in One SEO (AIOSEO) 5.0.1.1\" \/>\n\t\t<meta property=\"og:locale\" content=\"en_US\" \/>\n\t\t<meta property=\"og:site_name\" content=\"Asociaci\u00f3n Parkinson Bizkaia - Trabajamos para mejorar la calidad de vida de las personas con P\u00e1rkinson y sus familias en Bizkaia\" \/>\n\t\t<meta property=\"og:type\" content=\"article\" \/>\n\t\t<meta property=\"og:title\" content=\"ASPARBI eta AFA Bizkaiak hitzaldia eskainiko dute Santurtzin\" \/>\n\t\t<meta property=\"og:description\" content=\"Datorren irailaren 15ean, asteartea, Zainduz, Zaintzaileei Laguntzeko Zerbitzuaren barruan, informazio-topaketa bat egingo da Santurtziko Dorretxean. Zaintzaileei eta haien familiei laguntzeko topaketa ASPARBIk eta AFA Bizkaiak helburu argi batekin batzen dituzte indarrak Santurtzin: parkinsonari, alzheimerrari eta Bizkaiko beste dementzia batzuei aurre egiteko dauden baliabideen berri ematea herritarrei. Hitzordua irailaren 15ean izango da, asteartea, 10:30ean, Santurtziko Dorretxean\" \/>\n\t\t<meta property=\"og:url\" content=\"https:\/\/www.parkinsonbizkaia.org\/eu\/asparbi-eta-afa-bizkaiak-hitzaldia-eskainiko-dute-santurtzin\/\" \/>\n\t\t<meta property=\"article:published_time\" content=\"2026-09-03T10:15:00+00:00\" \/>\n\t\t<meta property=\"article:modified_time\" content=\"2026-09-03T09:23:09+00:00\" \/>\n\t\t<meta property=\"article:publisher\" content=\"https:\/\/www.facebook.com\/parkinsonbizkaia\" \/>\n\t\t<meta name=\"twitter:card\" content=\"summary_large_image\" \/>\n\t\t<meta name=\"twitter:site\" content=\"@ASPARBI\" \/>\n\t\t<meta name=\"twitter:title\" content=\"ASPARBI eta AFA Bizkaiak hitzaldia eskainiko dute Santurtzin\" \/>\n\t\t<meta name=\"twitter:description\" content=\"Datorren irailaren 15ean, asteartea, Zainduz, Zaintzaileei Laguntzeko Zerbitzuaren barruan, informazio-topaketa bat egingo da Santurtziko Dorretxean. Zaintzaileei eta haien familiei laguntzeko topaketa ASPARBIk eta AFA Bizkaiak helburu argi batekin batzen dituzte indarrak Santurtzin: parkinsonari, alzheimerrari eta Bizkaiko beste dementzia batzuei aurre egiteko dauden baliabideen berri ematea herritarrei. Hitzordua irailaren 15ean izango da, asteartea, 10:30ean, Santurtziko Dorretxean\" \/>\n\t\t<meta name=\"twitter:creator\" content=\"@ASPARBI\" \/>\n\t\t<script type=\"application\/ld+json\" class=\"aioseo-schema\">\n\t\t\t{\"@context\":\"https:\\\/\\\/schema.org\",\"@graph\":[{\"@type\":\"BlogPosting\",\"@id\":\"https:\\\/\\\/www.parkinsonbizkaia.org\\\/eu\\\/asparbi-eta-afa-bizkaiak-hitzaldia-eskainiko-dute-santurtzin\\\/#blogposting\",\"name\":\"ASPARBI eta AFA Bizkaiak hitzaldia eskainiko dute Santurtzin - Asociaci\\u00f3n Parkinson Bizkaia\",\"headline\":\"ASPARBI eta AFA Bizkaiak hitzaldia eskainiko dute Santurtzin\",\"author\":{\"@id\":\"https:\\\/\\\/www.parkinsonbizkaia.org\\\/eu\\\/author\\\/admin\\\/#author\"},\"publisher\":{\"@id\":\"https:\\\/\\\/www.parkinsonbizkaia.org\\\/eu\\\/#organization\"},\"image\":{\"@type\":\"ImageObject\",\"url\":\"https:\\\/\\\/www.parkinsonbizkaia.org\\\/wp-content\\\/uploads\\\/2026\\\/09\\\/Miniatura-zainduz.jpg\",\"width\":550,\"height\":344},\"datePublished\":\"2026-09-03T12:15:00+02:00\",\"dateModified\":\"2026-09-03T11:23:09+02:00\",\"inLanguage\":\"eu\",\"mainEntityOfPage\":{\"@id\":\"https:\\\/\\\/www.parkinsonbizkaia.org\\\/eu\\\/asparbi-eta-afa-bizkaiak-hitzaldia-eskainiko-dute-santurtzin\\\/#webpage\"},\"isPartOf\":{\"@id\":\"https:\\\/\\\/www.parkinsonbizkaia.org\\\/eu\\\/asparbi-eta-afa-bizkaiak-hitzaldia-eskainiko-dute-santurtzin\\\/#webpage\"},\"articleSection\":\"Berriak, Berriak, AFA Bizkaia, Alzheimer Bizkaia, asparbi, autonomia pertsonala, Bego\\u00f1a D\\u00edez, calidad de vida, Casa Torre Santurtzi, errehabilitazio zerbitzuak, informazio-hitzaldiak, mendetasun, Parkinson Bizkaia, Santurtzi, Zainduz, zaintzaile, Opcional\"},{\"@type\":\"BreadcrumbList\",\"@id\":\"https:\\\/\\\/www.parkinsonbizkaia.org\\\/eu\\\/asparbi-eta-afa-bizkaiak-hitzaldia-eskainiko-dute-santurtzin\\\/#breadcrumblist\",\"itemListElement\":[{\"@type\":\"ListItem\",\"@id\":\"https:\\\/\\\/www.parkinsonbizkaia.org\\\/eu\\\/#listItem\",\"position\":1,\"name\":\"Home\",\"item\":\"https:\\\/\\\/www.parkinsonbizkaia.org\\\/eu\\\/\",\"nextItem\":{\"@type\":\"ListItem\",\"@id\":\"https:\\\/\\\/www.parkinsonbizkaia.org\\\/eu\\\/category\\\/berriak\\\/#listItem\",\"name\":\"Berriak\"}},{\"@type\":\"ListItem\",\"@id\":\"https:\\\/\\\/www.parkinsonbizkaia.org\\\/eu\\\/category\\\/berriak\\\/#listItem\",\"position\":2,\"name\":\"Berriak\",\"item\":\"https:\\\/\\\/www.parkinsonbizkaia.org\\\/eu\\\/category\\\/berriak\\\/\",\"nextItem\":{\"@type\":\"ListItem\",\"@id\":\"https:\\\/\\\/www.parkinsonbizkaia.org\\\/eu\\\/asparbi-eta-afa-bizkaiak-hitzaldia-eskainiko-dute-santurtzin\\\/#listItem\",\"name\":\"ASPARBI eta AFA Bizkaiak hitzaldia eskainiko dute Santurtzin\"},\"previousItem\":{\"@type\":\"ListItem\",\"@id\":\"https:\\\/\\\/www.parkinsonbizkaia.org\\\/eu\\\/#listItem\",\"name\":\"Home\"}},{\"@type\":\"ListItem\",\"@id\":\"https:\\\/\\\/www.parkinsonbizkaia.org\\\/eu\\\/asparbi-eta-afa-bizkaiak-hitzaldia-eskainiko-dute-santurtzin\\\/#listItem\",\"position\":3,\"name\":\"ASPARBI eta AFA Bizkaiak hitzaldia eskainiko dute Santurtzin\",\"previousItem\":{\"@type\":\"ListItem\",\"@id\":\"https:\\\/\\\/www.parkinsonbizkaia.org\\\/eu\\\/category\\\/berriak\\\/#listItem\",\"name\":\"Berriak\"}}]},{\"@type\":\"Organization\",\"@id\":\"https:\\\/\\\/www.parkinsonbizkaia.org\\\/eu\\\/#organization\",\"name\":\"Asociaci\\u00f3n Parkinson Bizkaia\",\"description\":\"Trabajamos para mejorar la calidad de vida de las personas con P\\u00e1rkinson y sus familias en Bizkaia Trabajamos para mejorar la calidad de vida de las personas con P\\u00e1rkinson y sus familias.\",\"url\":\"https:\\\/\\\/www.parkinsonbizkaia.org\\\/eu\\\/\",\"telephone\":\"+34646159442\",\"logo\":{\"@type\":\"ImageObject\",\"url\":\"https:\\\/\\\/www.parkinsonbizkaia.org\\\/wp-content\\\/uploads\\\/2025\\\/02\\\/LOGO-scaled.jpg\",\"@id\":\"https:\\\/\\\/www.parkinsonbizkaia.org\\\/eu\\\/asparbi-eta-afa-bizkaiak-hitzaldia-eskainiko-dute-santurtzin\\\/#organizationLogo\",\"width\":2560,\"height\":2468,\"caption\":\"Dise\\u00f1o sin t\\u00edtulo - 1\"},\"image\":{\"@id\":\"https:\\\/\\\/www.parkinsonbizkaia.org\\\/eu\\\/asparbi-eta-afa-bizkaiak-hitzaldia-eskainiko-dute-santurtzin\\\/#organizationLogo\"},\"sameAs\":[\"https:\\\/\\\/www.facebook.com\\\/parkinsonbizkaia\",\"https:\\\/\\\/x.com\\\/ASPARBI\",\"https:\\\/\\\/www.instagram.com\\\/parkinsonbizkaia\\\/\",\"https:\\\/\\\/www.tiktok.com\\\/@asparbi?lang=es\"]},{\"@type\":\"Person\",\"@id\":\"https:\\\/\\\/www.parkinsonbizkaia.org\\\/eu\\\/author\\\/admin\\\/#author\",\"url\":\"https:\\\/\\\/www.parkinsonbizkaia.org\\\/eu\\\/author\\\/admin\\\/\",\"name\":\"ASPARBI\",\"image\":{\"@type\":\"ImageObject\",\"@id\":\"https:\\\/\\\/www.parkinsonbizkaia.org\\\/eu\\\/asparbi-eta-afa-bizkaiak-hitzaldia-eskainiko-dute-santurtzin\\\/#authorImage\",\"url\":\"https:\\\/\\\/secure.gravatar.com\\\/avatar\\\/aaa5595f30c7ae9d3de21f05ca85a5556e96a6a5d43ea77d0b2b540476bc193c?s=96&d=mm&r=g\",\"width\":96,\"height\":96,\"caption\":\"ASPARBI\"}},{\"@type\":\"WebPage\",\"@id\":\"https:\\\/\\\/www.parkinsonbizkaia.org\\\/eu\\\/asparbi-eta-afa-bizkaiak-hitzaldia-eskainiko-dute-santurtzin\\\/#webpage\",\"url\":\"https:\\\/\\\/www.parkinsonbizkaia.org\\\/eu\\\/asparbi-eta-afa-bizkaiak-hitzaldia-eskainiko-dute-santurtzin\\\/\",\"name\":\"ASPARBI eta AFA Bizkaiak hitzaldia eskainiko dute Santurtzin - Asociaci\\u00f3n Parkinson Bizkaia\",\"description\":\"Datorren irailaren 15ean, asteartea, Zainduz, Zaintzaileei Laguntzeko Zerbitzuaren barruan, informazio-topaketa bat egingo da Santurtziko Dorretxean. Zaintzaileei eta haien familiei laguntzeko topaketa ASPARBIk eta AFA Bizkaiak helburu argi batekin batzen dituzte indarrak Santurtzin: parkinsonari, alzheimerrari eta Bizkaiko beste dementzia batzuei aurre egiteko dauden baliabideen berri ematea herritarrei. Hitzordua irailaren 15ean izango da, asteartea, 10:30ean, Santurtziko Dorretxean\",\"inLanguage\":\"eu\",\"isPartOf\":{\"@id\":\"https:\\\/\\\/www.parkinsonbizkaia.org\\\/eu\\\/#website\"},\"breadcrumb\":{\"@id\":\"https:\\\/\\\/www.parkinsonbizkaia.org\\\/eu\\\/asparbi-eta-afa-bizkaiak-hitzaldia-eskainiko-dute-santurtzin\\\/#breadcrumblist\"},\"author\":{\"@id\":\"https:\\\/\\\/www.parkinsonbizkaia.org\\\/eu\\\/author\\\/admin\\\/#author\"},\"creator\":{\"@id\":\"https:\\\/\\\/www.parkinsonbizkaia.org\\\/eu\\\/author\\\/admin\\\/#author\"},\"image\":{\"@type\":\"ImageObject\",\"url\":\"https:\\\/\\\/www.parkinsonbizkaia.org\\\/wp-content\\\/uploads\\\/2026\\\/09\\\/Miniatura-zainduz.jpg\",\"@id\":\"https:\\\/\\\/www.parkinsonbizkaia.org\\\/eu\\\/asparbi-eta-afa-bizkaiak-hitzaldia-eskainiko-dute-santurtzin\\\/#mainImage\",\"width\":550,\"height\":344},\"primaryImageOfPage\":{\"@id\":\"https:\\\/\\\/www.parkinsonbizkaia.org\\\/eu\\\/asparbi-eta-afa-bizkaiak-hitzaldia-eskainiko-dute-santurtzin\\\/#mainImage\"},\"datePublished\":\"2026-09-03T12:15:00+02:00\",\"dateModified\":\"2026-09-03T11:23:09+02:00\"},{\"@type\":\"WebSite\",\"@id\":\"https:\\\/\\\/www.parkinsonbizkaia.org\\\/eu\\\/#website\",\"url\":\"https:\\\/\\\/www.parkinsonbizkaia.org\\\/eu\\\/\",\"name\":\"Asociaci\\u00f3n Parkinson Bizkaia\",\"description\":\"Trabajamos para mejorar la calidad de vida de las personas con P\\u00e1rkinson y sus familias en Bizkaia\",\"inLanguage\":\"eu\",\"publisher\":{\"@id\":\"https:\\\/\\\/www.parkinsonbizkaia.org\\\/eu\\\/#organization\"}}]}\n\t\t<\/script>\n\t\t<!-- All in One SEO -->\n\n","aioseo_head_json":{"title":"ASPARBI eta AFA Bizkaiak hitzaldia eskainiko dute Santurtzin - Asociaci\u00f3n Parkinson Bizkaia","description":"Datorren irailaren 15ean, asteartea, Zainduz, Zaintzaileei Laguntzeko Zerbitzuaren barruan, informazio-topaketa bat egingo da Santurtziko Dorretxean. Zaintzaileei eta haien familiei laguntzeko topaketa ASPARBIk eta AFA Bizkaiak helburu argi batekin batzen dituzte indarrak Santurtzin: parkinsonari, alzheimerrari eta Bizkaiko beste dementzia batzuei aurre egiteko dauden baliabideen berri ematea herritarrei. Hitzordua irailaren 15ean izango da, asteartea, 10:30ean, Santurtziko Dorretxean","canonical_url":"https:\/\/www.parkinsonbizkaia.org\/eu\/asparbi-eta-afa-bizkaiak-hitzaldia-eskainiko-dute-santurtzin\/","robots":"max-image-preview:large","keywords":"","webmasterTools":{"miscellaneous":""},"schema":{"@context":"https:\/\/schema.org","@graph":[{"@type":"BlogPosting","@id":"https:\/\/www.parkinsonbizkaia.org\/eu\/asparbi-eta-afa-bizkaiak-hitzaldia-eskainiko-dute-santurtzin\/#blogposting","name":"ASPARBI eta AFA Bizkaiak hitzaldia eskainiko dute Santurtzin - Asociaci\u00f3n Parkinson Bizkaia","headline":"ASPARBI eta AFA Bizkaiak hitzaldia eskainiko dute Santurtzin","author":{"@id":"https:\/\/www.parkinsonbizkaia.org\/eu\/author\/admin\/#author"},"publisher":{"@id":"https:\/\/www.parkinsonbizkaia.org\/eu\/#organization"},"image":{"@type":"ImageObject","url":"https:\/\/www.parkinsonbizkaia.org\/wp-content\/uploads\/2026\/09\/Miniatura-zainduz.jpg","width":550,"height":344},"datePublished":"2026-09-03T12:15:00+02:00","dateModified":"2026-09-03T11:23:09+02:00","inLanguage":"eu","mainEntityOfPage":{"@id":"https:\/\/www.parkinsonbizkaia.org\/eu\/asparbi-eta-afa-bizkaiak-hitzaldia-eskainiko-dute-santurtzin\/#webpage"},"isPartOf":{"@id":"https:\/\/www.parkinsonbizkaia.org\/eu\/asparbi-eta-afa-bizkaiak-hitzaldia-eskainiko-dute-santurtzin\/#webpage"},"articleSection":"Berriak, Berriak, AFA Bizkaia, Alzheimer Bizkaia, asparbi, autonomia pertsonala, Bego\u00f1a D\u00edez, calidad de vida, Casa Torre Santurtzi, errehabilitazio zerbitzuak, informazio-hitzaldiak, mendetasun, Parkinson Bizkaia, Santurtzi, Zainduz, zaintzaile, Opcional"},{"@type":"BreadcrumbList","@id":"https:\/\/www.parkinsonbizkaia.org\/eu\/asparbi-eta-afa-bizkaiak-hitzaldia-eskainiko-dute-santurtzin\/#breadcrumblist","itemListElement":[{"@type":"ListItem","@id":"https:\/\/www.parkinsonbizkaia.org\/eu\/#listItem","position":1,"name":"Home","item":"https:\/\/www.parkinsonbizkaia.org\/eu\/","nextItem":{"@type":"ListItem","@id":"https:\/\/www.parkinsonbizkaia.org\/eu\/category\/berriak\/#listItem","name":"Berriak"}},{"@type":"ListItem","@id":"https:\/\/www.parkinsonbizkaia.org\/eu\/category\/berriak\/#listItem","position":2,"name":"Berriak","item":"https:\/\/www.parkinsonbizkaia.org\/eu\/category\/berriak\/","nextItem":{"@type":"ListItem","@id":"https:\/\/www.parkinsonbizkaia.org\/eu\/asparbi-eta-afa-bizkaiak-hitzaldia-eskainiko-dute-santurtzin\/#listItem","name":"ASPARBI eta AFA Bizkaiak hitzaldia eskainiko dute Santurtzin"},"previousItem":{"@type":"ListItem","@id":"https:\/\/www.parkinsonbizkaia.org\/eu\/#listItem","name":"Home"}},{"@type":"ListItem","@id":"https:\/\/www.parkinsonbizkaia.org\/eu\/asparbi-eta-afa-bizkaiak-hitzaldia-eskainiko-dute-santurtzin\/#listItem","position":3,"name":"ASPARBI eta AFA Bizkaiak hitzaldia eskainiko dute Santurtzin","previousItem":{"@type":"ListItem","@id":"https:\/\/www.parkinsonbizkaia.org\/eu\/category\/berriak\/#listItem","name":"Berriak"}}]},{"@type":"Organization","@id":"https:\/\/www.parkinsonbizkaia.org\/eu\/#organization","name":"Asociaci\u00f3n Parkinson Bizkaia","description":"Trabajamos para mejorar la calidad de vida de las personas con P\u00e1rkinson y sus familias en Bizkaia Trabajamos para mejorar la calidad de vida de las personas con P\u00e1rkinson y sus familias.","url":"https:\/\/www.parkinsonbizkaia.org\/eu\/","telephone":"+34646159442","logo":{"@type":"ImageObject","url":"https:\/\/www.parkinsonbizkaia.org\/wp-content\/uploads\/2025\/02\/LOGO-scaled.jpg","@id":"https:\/\/www.parkinsonbizkaia.org\/eu\/asparbi-eta-afa-bizkaiak-hitzaldia-eskainiko-dute-santurtzin\/#organizationLogo","width":2560,"height":2468,"caption":"Dise\u00f1o sin t\u00edtulo - 1"},"image":{"@id":"https:\/\/www.parkinsonbizkaia.org\/eu\/asparbi-eta-afa-bizkaiak-hitzaldia-eskainiko-dute-santurtzin\/#organizationLogo"},"sameAs":["https:\/\/www.facebook.com\/parkinsonbizkaia","https:\/\/x.com\/ASPARBI","https:\/\/www.instagram.com\/parkinsonbizkaia\/","https:\/\/www.tiktok.com\/@asparbi?lang=es"]},{"@type":"Person","@id":"https:\/\/www.parkinsonbizkaia.org\/eu\/author\/admin\/#author","url":"https:\/\/www.parkinsonbizkaia.org\/eu\/author\/admin\/","name":"ASPARBI","image":{"@type":"ImageObject","@id":"https:\/\/www.parkinsonbizkaia.org\/eu\/asparbi-eta-afa-bizkaiak-hitzaldia-eskainiko-dute-santurtzin\/#authorImage","url":"https:\/\/secure.gravatar.com\/avatar\/aaa5595f30c7ae9d3de21f05ca85a5556e96a6a5d43ea77d0b2b540476bc193c?s=96&d=mm&r=g","width":96,"height":96,"caption":"ASPARBI"}},{"@type":"WebPage","@id":"https:\/\/www.parkinsonbizkaia.org\/eu\/asparbi-eta-afa-bizkaiak-hitzaldia-eskainiko-dute-santurtzin\/#webpage","url":"https:\/\/www.parkinsonbizkaia.org\/eu\/asparbi-eta-afa-bizkaiak-hitzaldia-eskainiko-dute-santurtzin\/","name":"ASPARBI eta AFA Bizkaiak hitzaldia eskainiko dute Santurtzin - Asociaci\u00f3n Parkinson Bizkaia","description":"Datorren irailaren 15ean, asteartea, Zainduz, Zaintzaileei Laguntzeko Zerbitzuaren barruan, informazio-topaketa bat egingo da Santurtziko Dorretxean. Zaintzaileei eta haien familiei laguntzeko topaketa ASPARBIk eta AFA Bizkaiak helburu argi batekin batzen dituzte indarrak Santurtzin: parkinsonari, alzheimerrari eta Bizkaiko beste dementzia batzuei aurre egiteko dauden baliabideen berri ematea herritarrei. Hitzordua irailaren 15ean izango da, asteartea, 10:30ean, Santurtziko Dorretxean","inLanguage":"eu","isPartOf":{"@id":"https:\/\/www.parkinsonbizkaia.org\/eu\/#website"},"breadcrumb":{"@id":"https:\/\/www.parkinsonbizkaia.org\/eu\/asparbi-eta-afa-bizkaiak-hitzaldia-eskainiko-dute-santurtzin\/#breadcrumblist"},"author":{"@id":"https:\/\/www.parkinsonbizkaia.org\/eu\/author\/admin\/#author"},"creator":{"@id":"https:\/\/www.parkinsonbizkaia.org\/eu\/author\/admin\/#author"},"image":{"@type":"ImageObject","url":"https:\/\/www.parkinsonbizkaia.org\/wp-content\/uploads\/2026\/09\/Miniatura-zainduz.jpg","@id":"https:\/\/www.parkinsonbizkaia.org\/eu\/asparbi-eta-afa-bizkaiak-hitzaldia-eskainiko-dute-santurtzin\/#mainImage","width":550,"height":344},"primaryImageOfPage":{"@id":"https:\/\/www.parkinsonbizkaia.org\/eu\/asparbi-eta-afa-bizkaiak-hitzaldia-eskainiko-dute-santurtzin\/#mainImage"},"datePublished":"2026-09-03T12:15:00+02:00","dateModified":"2026-09-03T11:23:09+02:00"},{"@type":"WebSite","@id":"https:\/\/www.parkinsonbizkaia.org\/eu\/#website","url":"https:\/\/www.parkinsonbizkaia.org\/eu\/","name":"Asociaci\u00f3n Parkinson Bizkaia","description":"Trabajamos para mejorar la calidad de vida de las personas con P\u00e1rkinson y sus familias en Bizkaia","inLanguage":"eu","publisher":{"@id":"https:\/\/www.parkinsonbizkaia.org\/eu\/#organization"}}]},"og:locale":"en_US","og:site_name":"Asociaci\u00f3n Parkinson Bizkaia - Trabajamos para mejorar la calidad de vida de las personas con P\u00e1rkinson y sus familias en Bizkaia","og:type":"article","og:title":"ASPARBI eta AFA Bizkaiak hitzaldia eskainiko dute Santurtzin","og:description":"Datorren irailaren 15ean, asteartea, Zainduz, Zaintzaileei Laguntzeko Zerbitzuaren barruan, informazio-topaketa bat egingo da Santurtziko Dorretxean. Zaintzaileei eta haien familiei laguntzeko topaketa ASPARBIk eta AFA Bizkaiak helburu argi batekin batzen dituzte indarrak Santurtzin: parkinsonari, alzheimerrari eta Bizkaiko beste dementzia batzuei aurre egiteko dauden baliabideen berri ematea herritarrei. Hitzordua irailaren 15ean izango da, asteartea, 10:30ean, Santurtziko Dorretxean","og:url":"https:\/\/www.parkinsonbizkaia.org\/eu\/asparbi-eta-afa-bizkaiak-hitzaldia-eskainiko-dute-santurtzin\/","article:published_time":"2026-09-03T10:15:00+00:00","article:modified_time":"2026-09-03T09:23:09+00:00","article:publisher":"https:\/\/www.facebook.com\/parkinsonbizkaia","twitter:card":"summary_large_image","twitter:site":"@ASPARBI","twitter:title":"ASPARBI eta AFA Bizkaiak hitzaldia eskainiko dute Santurtzin","twitter:description":"Datorren irailaren 15ean, asteartea, Zainduz, Zaintzaileei Laguntzeko Zerbitzuaren barruan, informazio-topaketa bat egingo da Santurtziko Dorretxean. Zaintzaileei eta haien familiei laguntzeko topaketa ASPARBIk eta AFA Bizkaiak helburu argi batekin batzen dituzte indarrak Santurtzin: parkinsonari, alzheimerrari eta Bizkaiko beste dementzia batzuei aurre egiteko dauden baliabideen berri ematea herritarrei. Hitzordua irailaren 15ean izango da, asteartea, 10:30ean, Santurtziko Dorretxean","twitter:creator":"@ASPARBI"},"aioseo_meta_data":{"post_id":"13569","title":null,"description":null,"keywords":null,"keyphrases":{"focus":{"keyphrase":"","score":0,"analysis":{"keyphraseInTitle":{"score":0,"maxScore":9,"error":1}}},"additional":[]},"primary_term":null,"canonical_url":null,"og_title":"#post_title","og_description":"#post_excerpt","og_object_type":"default","og_image_type":"default","og_image_url":null,"og_image_width":null,"og_image_height":null,"og_image_custom_url":null,"og_image_custom_fields":null,"og_video":"","og_custom_url":null,"og_article_section":null,"og_article_tags":null,"twitter_use_og":true,"twitter_card":"default","twitter_image_type":"default","twitter_image_url":null,"twitter_image_custom_url":null,"twitter_image_custom_fields":null,"twitter_title":null,"twitter_description":null,"schema":{"blockGraphs":[],"customGraphs":[],"default":{"data":{"Article":[],"Course":[],"Dataset":[],"FAQPage":[],"Movie":[],"Person":[],"Product":[],"ProductReview":[],"Car":[],"Recipe":[],"Service":[],"SoftwareApplication":[],"WebPage":[]},"graphName":"BlogPosting","isEnabled":true},"graphs":[]},"schema_type":"default","schema_type_options":null,"pillar_content":false,"robots_default":true,"robots_noindex":false,"robots_noarchive":false,"robots_nosnippet":false,"robots_nofollow":false,"robots_noimageindex":false,"robots_noodp":false,"robots_notranslate":false,"robots_max_snippet":"-1","robots_max_videopreview":"-1","robots_max_imagepreview":"large","priority":null,"frequency":"default","local_seo":null,"breadcrumb_settings":null,"limit_modified_date":false,"ai":{"faqs":[],"keyPoints":[],"schemas":[],"titles":[],"descriptions":[],"socialPosts":{"email":{"subject":"","preview":"","content":""},"linkedin":[],"twitter":[],"facebook":[],"instagram":[]}},"created":"2026-09-03 09:23:09","updated":"2026-09-03 11:06:56","seo_analyzer_scan_date":null,"focus_keyword":null,"additional_keywords":null,"truseo_locale":null},"aioseo_breadcrumb":"<div class=\"aioseo-breadcrumbs\"><span class=\"aioseo-breadcrumb\">\n\t\t\t<a href=\"https:\/\/www.parkinsonbizkaia.org\/eu\/\" title=\"Home\">Home<\/a>\n\t\t<\/span><span class=\"aioseo-breadcrumb-separator\">&raquo;<\/span><span class=\"aioseo-breadcrumb\">\n\t\t\t<a href=\"https:\/\/www.parkinsonbizkaia.org\/eu\/category\/berriak\/\" title=\"Berriak\">Berriak<\/a>\n\t\t<\/span><span class=\"aioseo-breadcrumb-separator\">&raquo;<\/span><span class=\"aioseo-breadcrumb\">\n\t\t\tASPARBI eta AFA Bizkaiak hitzaldia eskainiko dute Santurtzin\n\t\t<\/span><\/div>","aioseo_breadcrumb_json":[{"label":"Home","link":"https:\/\/www.parkinsonbizkaia.org\/eu\/"},{"label":"Berriak","link":"https:\/\/www.parkinsonbizkaia.org\/eu\/category\/berriak\/"},{"label":"ASPARBI eta AFA Bizkaiak hitzaldia eskainiko dute Santurtzin","link":"https:\/\/www.parkinsonbizkaia.org\/eu\/asparbi-eta-afa-bizkaiak-hitzaldia-eskainiko-dute-santurtzin\/"}],"_links":{"self":[{"href":"https:\/\/www.parkinsonbizkaia.org\/eu\/wp-json\/wp\/v2\/posts\/13569","targetHints":{"allow":["GET"]}}],"collection":[{"href":"https:\/\/www.parkinsonbizkaia.org\/eu\/wp-json\/wp\/v2\/posts"}],"about":[{"href":"https:\/\/www.parkinsonbizkaia.org\/eu\/wp-json\/wp\/v2\/types\/post"}],"author":[{"embeddable":true,"href":"https:\/\/www.parkinsonbizkaia.org\/eu\/wp-json\/wp\/v2\/users\/3"}],"replies":[{"embeddable":true,"href":"https:\/\/www.parkinsonbizkaia.org\/eu\/wp-json\/wp\/v2\/comments?post=13569"}],"version-history":[{"count":1,"href":"https:\/\/www.parkinsonbizkaia.org\/eu\/wp-json\/wp\/v2\/posts\/13569\/revisions"}],"predecessor-version":[{"id":13570,"href":"https:\/\/www.parkinsonbizkaia.org\/eu\/wp-json\/wp\/v2\/posts\/13569\/revisions\/13570"}],"wp:featuredmedia":[{"embeddable":true,"href":"https:\/\/www.parkinsonbizkaia.org\/eu\/wp-json\/wp\/v2\/media\/13568"}],"wp:attachment":[{"href":"https:\/\/www.parkinsonbizkaia.org\/eu\/wp-json\/wp\/v2\/media?parent=13569"}],"wp:term":[{"taxonomy":"category","embeddable":true,"href":"https:\/\/www.parkinsonbizkaia.org\/eu\/wp-json\/wp\/v2\/categories?post=13569"},{"taxonomy":"post_tag","embeddable":true,"href":"https:\/\/www.parkinsonbizkaia.org\/eu\/wp-json\/wp\/v2\/tags?post=13569"}],"curies":[{"name":"wp","href":"https:\/\/api.w.org\/{rel}","templated":true}]}}